{"id":1873,"date":"2018-10-30T11:43:46","date_gmt":"2018-10-30T10:43:46","guid":{"rendered":"https:\/\/www.guerande-cosmetiques.com\/blog\/la-cooperative-les-salines-de-guerande-a-30-ans\/"},"modified":"2025-02-06T15:47:46","modified_gmt":"2025-02-06T14:47:46","slug":"la-cooperative-les-salines-de-guerande-a-30-ans","status":"publish","type":"post","link":"https:\/\/www.guerande-cosmetiques.com\/blog\/la-cooperative-les-salines-de-guerande-a-30-ans\/","title":{"rendered":"La Coop\u00e9rative Les Salines de Gu\u00e9rande a 30 ans"},"content":{"rendered":"<p>Acteur majeur pour la pr\u00e9servation du m\u00e9tier ancestral de paludier et pour la valorisation du Sel de Gu\u00e9rande et des Marais salants de la presqu\u2019\u00eele gu\u00e9randaise, la Coop\u00e9rative\u00a0<strong><a href=\"https:\/\/www.leguerandais.fr\/fr\">Les Salines de Gu\u00e9rande<\/a><\/strong> compte aujourd\u2019hui 220 paludi\u00e8res et paludiers qui chaque jour oeuvrent sur cette zone naturelle de 2000 hectares.<\/p>\n<p>Elle a permis de lutter pour pr\u00e9server le territoire, de d\u00e9velopper l\u2019activit\u00e9 \u00e9conomique et d\u2019accompagner le renouveau de la profession. Bravo !<\/p>\n<p><img loading=\"lazy\" decoding=\"async\" class=\"alignnone size-full wp-image-2682\" src=\"https:\/\/www.guerande-cosmetiques.com\/blog\/wp-content\/uploads\/2018\/10\/La-Cooperative-Les-Salines-de-Guerande-a-30-ans.jpg\" alt=\"\" width=\"645\" height=\"645\" srcset=\"https:\/\/www.guerande-cosmetiques.com\/blog\/wp-content\/uploads\/2018\/10\/La-Cooperative-Les-Salines-de-Guerande-a-30-ans.jpg 645w, https:\/\/www.guerande-cosmetiques.com\/blog\/wp-content\/uploads\/2018\/10\/La-Cooperative-Les-Salines-de-Guerande-a-30-ans-300x300.jpg 300w, https:\/\/www.guerande-cosmetiques.com\/blog\/wp-content\/uploads\/2018\/10\/La-Cooperative-Les-Salines-de-Guerande-a-30-ans-150x150.jpg 150w\" sizes=\"auto, (max-width: 645px) 100vw, 645px\" \/><\/p>\n<p><strong><em>\u00a9PFran\u00e7ois\/StudioGarnier<\/em><\/strong><\/p>\n","protected":false},"excerpt":{"rendered":"Acteur majeur pour la pr\u00e9servation du m\u00e9tier ancestral de paludier et pour la valorisation du Sel de Gu\u00e9rande et des Marais salants de la presqu\u2019\u00eele gu\u00e9randaise, la Coop\u00e9rative\u00a0Les Salines de Gu\u00e9rande compte aujourd\u2019hui 220 paludi\u00e8res et paludiers qui chaque jour oeuvrent sur cette zone naturelle de 2000 hectares. Elle a permis de lutter pour pr\u00e9server [&hellip;]","protected":false},"author":1,"featured_media":1872,"comment_status":"closed","ping_status":"closed","sticky":false,"template":"","format":"standard","meta":{"footnotes":""},"categories":[1],"tags":[],"class_list":["post-1873","post","type-post","status-publish","format-standard","has-post-thumbnail","hentry","category-actualite","col-12","col-md-6 col-lg-4"],"yoast_head":"<!-- This site is optimized with the Yoast SEO plugin v24.3 - https:\/\/yoast.com\/wordpress\/plugins\/seo\/ -->\n<title>La Coop\u00e9rative Les Salines de Gu\u00e9rande a 30 ans - Guerande Cosm\u00e9tiques<\/title>\n<meta name=\"robots\" content=\"index, follow, max-snippet:-1, max-image-preview:large, max-video-preview:-1\" \/>\n<link rel=\"canonical\" href=\"https:\/\/www.guerande-cosmetiques.com\/blog\/la-cooperative-les-salines-de-guerande-a-30-ans\/\" \/>\n<meta property=\"og:locale\" content=\"fr_FR\" \/>\n<meta property=\"og:type\" content=\"article\" \/>\n<meta property=\"og:title\" content=\"La Coop\u00e9rative Les Salines de Gu\u00e9rande a 30 ans - Guerande Cosm\u00e9tiques\" \/>\n<meta property=\"og:description\" content=\"Acteur majeur pour la pr\u00e9servation du m\u00e9tier ancestral de paludier et pour la valorisation du Sel de Gu\u00e9rande et des Marais salants de la presqu\u2019\u00eele gu\u00e9randaise, la Coop\u00e9rative\u00a0Les Salines de Gu\u00e9rande compte aujourd\u2019hui 220 paludi\u00e8res et paludiers qui chaque jour oeuvrent sur cette zone naturelle de 2000 hectares. Elle a permis de lutter pour pr\u00e9server [&hellip;]\" \/>\n<meta property=\"og:url\" content=\"https:\/\/www.guerande-cosmetiques.com\/blog\/la-cooperative-les-salines-de-guerande-a-30-ans\/\" \/>\n<meta property=\"og:site_name\" content=\"Guerande Cosm\u00e9tiques\" \/>\n<meta property=\"article:published_time\" content=\"2018-10-30T10:43:46+00:00\" \/>\n<meta property=\"article:modified_time\" content=\"2025-02-06T14:47:46+00:00\" \/>\n<meta property=\"og:image\" content=\"https:\/\/www.guerande-cosmetiques.com\/blog\/wp-content\/uploads\/2025\/01\/idx023cooperativeleguerandais645.jpg\" \/>\n\t<meta property=\"og:image:width\" content=\"645\" \/>\n\t<meta property=\"og:image:height\" content=\"645\" \/>\n\t<meta property=\"og:image:type\" content=\"image\/jpeg\" \/>\n<meta name=\"author\" content=\"guemin\" \/>\n<meta name=\"twitter:card\" content=\"summary_large_image\" \/>\n<meta name=\"twitter:label1\" content=\"\u00c9crit par\" \/>\n\t<meta name=\"twitter:data1\" content=\"guemin\" \/>\n\t<meta name=\"twitter:label2\" content=\"Dur\u00e9e de lecture estim\u00e9e\" \/>\n\t<meta name=\"twitter:data2\" content=\"1 minute\" \/>\n<script type=\"application\/ld+json\" class=\"yoast-schema-graph\">{\"@context\":\"https:\/\/schema.org\",\"@graph\":[{\"@type\":\"WebPage\",\"@id\":\"https:\/\/www.guerande-cosmetiques.com\/blog\/la-cooperative-les-salines-de-guerande-a-30-ans\/\",\"url\":\"https:\/\/www.guerande-cosmetiques.com\/blog\/la-cooperative-les-salines-de-guerande-a-30-ans\/\",\"name\":\"La Coop\u00e9rative Les Salines de Gu\u00e9rande a 30 ans - Guerande Cosm\u00e9tiques\",\"isPartOf\":{\"@id\":\"https:\/\/www.guerande-cosmetiques.com\/blog\/#website\"},\"primaryImageOfPage\":{\"@id\":\"https:\/\/www.guerande-cosmetiques.com\/blog\/la-cooperative-les-salines-de-guerande-a-30-ans\/#primaryimage\"},\"image\":{\"@id\":\"https:\/\/www.guerande-cosmetiques.com\/blog\/la-cooperative-les-salines-de-guerande-a-30-ans\/#primaryimage\"},\"thumbnailUrl\":\"https:\/\/www.guerande-cosmetiques.com\/blog\/wp-content\/uploads\/2025\/01\/idx023cooperativeleguerandais645.jpg\",\"datePublished\":\"2018-10-30T10:43:46+00:00\",\"dateModified\":\"2025-02-06T14:47:46+00:00\",\"author\":{\"@id\":\"https:\/\/www.guerande-cosmetiques.com\/blog\/#\/schema\/person\/e5f363cd3e6901ca94a48339a2bef157\"},\"breadcrumb\":{\"@id\":\"https:\/\/www.guerande-cosmetiques.com\/blog\/la-cooperative-les-salines-de-guerande-a-30-ans\/#breadcrumb\"},\"inLanguage\":\"fr-FR\",\"potentialAction\":[{\"@type\":\"ReadAction\",\"target\":[\"https:\/\/www.guerande-cosmetiques.com\/blog\/la-cooperative-les-salines-de-guerande-a-30-ans\/\"]}]},{\"@type\":\"ImageObject\",\"inLanguage\":\"fr-FR\",\"@id\":\"https:\/\/www.guerande-cosmetiques.com\/blog\/la-cooperative-les-salines-de-guerande-a-30-ans\/#primaryimage\",\"url\":\"https:\/\/www.guerande-cosmetiques.com\/blog\/wp-content\/uploads\/2025\/01\/idx023cooperativeleguerandais645.jpg\",\"contentUrl\":\"https:\/\/www.guerande-cosmetiques.com\/blog\/wp-content\/uploads\/2025\/01\/idx023cooperativeleguerandais645.jpg\",\"width\":645,\"height\":645},{\"@type\":\"BreadcrumbList\",\"@id\":\"https:\/\/www.guerande-cosmetiques.com\/blog\/la-cooperative-les-salines-de-guerande-a-30-ans\/#breadcrumb\",\"itemListElement\":[{\"@type\":\"ListItem\",\"position\":1,\"name\":\"Home\",\"item\":\"http:\/\/gue.local\/blog\/\"},{\"@type\":\"ListItem\",\"position\":2,\"name\":\"La Coop\u00e9rative Les Salines de Gu\u00e9rande a 30 ans\"}]},{\"@type\":\"WebSite\",\"@id\":\"https:\/\/www.guerande-cosmetiques.com\/blog\/#website\",\"url\":\"https:\/\/www.guerande-cosmetiques.com\/blog\/\",\"name\":\"Guerande Cosm\u00e9tiques\",\"description\":\"\",\"potentialAction\":[{\"@type\":\"SearchAction\",\"target\":{\"@type\":\"EntryPoint\",\"urlTemplate\":\"https:\/\/www.guerande-cosmetiques.com\/blog\/?s={search_term_string}\"},\"query-input\":{\"@type\":\"PropertyValueSpecification\",\"valueRequired\":true,\"valueName\":\"search_term_string\"}}],\"inLanguage\":\"fr-FR\"},{\"@type\":\"Person\",\"@id\":\"https:\/\/www.guerande-cosmetiques.com\/blog\/#\/schema\/person\/e5f363cd3e6901ca94a48339a2bef157\",\"name\":\"guemin\",\"sameAs\":[\"https:\/\/www.guerande-cosmetiques.com\/blog\"]}]}<\/script>\n<!-- \/ Yoast SEO plugin. -->","yoast_head_json":{"title":"La Coop\u00e9rative Les Salines de Gu\u00e9rande a 30 ans - Guerande Cosm\u00e9tiques","robots":{"index":"index","follow":"follow","max-snippet":"max-snippet:-1","max-image-preview":"max-image-preview:large","max-video-preview":"max-video-preview:-1"},"canonical":"https:\/\/www.guerande-cosmetiques.com\/blog\/la-cooperative-les-salines-de-guerande-a-30-ans\/","og_locale":"fr_FR","og_type":"article","og_title":"La Coop\u00e9rative Les Salines de Gu\u00e9rande a 30 ans - Guerande Cosm\u00e9tiques","og_description":"Acteur majeur pour la pr\u00e9servation du m\u00e9tier ancestral de paludier et pour la valorisation du Sel de Gu\u00e9rande et des Marais salants de la presqu\u2019\u00eele gu\u00e9randaise, la Coop\u00e9rative\u00a0Les Salines de Gu\u00e9rande compte aujourd\u2019hui 220 paludi\u00e8res et paludiers qui chaque jour oeuvrent sur cette zone naturelle de 2000 hectares. Elle a permis de lutter pour pr\u00e9server [&hellip;]","og_url":"https:\/\/www.guerande-cosmetiques.com\/blog\/la-cooperative-les-salines-de-guerande-a-30-ans\/","og_site_name":"Guerande Cosm\u00e9tiques","article_published_time":"2018-10-30T10:43:46+00:00","article_modified_time":"2025-02-06T14:47:46+00:00","og_image":[{"width":645,"height":645,"url":"https:\/\/www.guerande-cosmetiques.com\/blog\/wp-content\/uploads\/2025\/01\/idx023cooperativeleguerandais645.jpg","type":"image\/jpeg"}],"author":"guemin","twitter_card":"summary_large_image","twitter_misc":{"\u00c9crit par":"guemin","Dur\u00e9e de lecture estim\u00e9e":"1 minute"},"schema":{"@context":"https:\/\/schema.org","@graph":[{"@type":"WebPage","@id":"https:\/\/www.guerande-cosmetiques.com\/blog\/la-cooperative-les-salines-de-guerande-a-30-ans\/","url":"https:\/\/www.guerande-cosmetiques.com\/blog\/la-cooperative-les-salines-de-guerande-a-30-ans\/","name":"La Coop\u00e9rative Les Salines de Gu\u00e9rande a 30 ans - Guerande Cosm\u00e9tiques","isPartOf":{"@id":"https:\/\/www.guerande-cosmetiques.com\/blog\/#website"},"primaryImageOfPage":{"@id":"https:\/\/www.guerande-cosmetiques.com\/blog\/la-cooperative-les-salines-de-guerande-a-30-ans\/#primaryimage"},"image":{"@id":"https:\/\/www.guerande-cosmetiques.com\/blog\/la-cooperative-les-salines-de-guerande-a-30-ans\/#primaryimage"},"thumbnailUrl":"https:\/\/www.guerande-cosmetiques.com\/blog\/wp-content\/uploads\/2025\/01\/idx023cooperativeleguerandais645.jpg","datePublished":"2018-10-30T10:43:46+00:00","dateModified":"2025-02-06T14:47:46+00:00","author":{"@id":"https:\/\/www.guerande-cosmetiques.com\/blog\/#\/schema\/person\/e5f363cd3e6901ca94a48339a2bef157"},"breadcrumb":{"@id":"https:\/\/www.guerande-cosmetiques.com\/blog\/la-cooperative-les-salines-de-guerande-a-30-ans\/#breadcrumb"},"inLanguage":"fr-FR","potentialAction":[{"@type":"ReadAction","target":["https:\/\/www.guerande-cosmetiques.com\/blog\/la-cooperative-les-salines-de-guerande-a-30-ans\/"]}]},{"@type":"ImageObject","inLanguage":"fr-FR","@id":"https:\/\/www.guerande-cosmetiques.com\/blog\/la-cooperative-les-salines-de-guerande-a-30-ans\/#primaryimage","url":"https:\/\/www.guerande-cosmetiques.com\/blog\/wp-content\/uploads\/2025\/01\/idx023cooperativeleguerandais645.jpg","contentUrl":"https:\/\/www.guerande-cosmetiques.com\/blog\/wp-content\/uploads\/2025\/01\/idx023cooperativeleguerandais645.jpg","width":645,"height":645},{"@type":"BreadcrumbList","@id":"https:\/\/www.guerande-cosmetiques.com\/blog\/la-cooperative-les-salines-de-guerande-a-30-ans\/#breadcrumb","itemListElement":[{"@type":"ListItem","position":1,"name":"Home","item":"http:\/\/gue.local\/blog\/"},{"@type":"ListItem","position":2,"name":"La Coop\u00e9rative Les Salines de Gu\u00e9rande a 30 ans"}]},{"@type":"WebSite","@id":"https:\/\/www.guerande-cosmetiques.com\/blog\/#website","url":"https:\/\/www.guerande-cosmetiques.com\/blog\/","name":"Guerande Cosm\u00e9tiques","description":"","potentialAction":[{"@type":"SearchAction","target":{"@type":"EntryPoint","urlTemplate":"https:\/\/www.guerande-cosmetiques.com\/blog\/?s={search_term_string}"},"query-input":{"@type":"PropertyValueSpecification","valueRequired":true,"valueName":"search_term_string"}}],"inLanguage":"fr-FR"},{"@type":"Person","@id":"https:\/\/www.guerande-cosmetiques.com\/blog\/#\/schema\/person\/e5f363cd3e6901ca94a48339a2bef157","name":"guemin","sameAs":["https:\/\/www.guerande-cosmetiques.com\/blog"]}]}},"thumb":"https:\/\/www.guerande-cosmetiques.com\/blog\/wp-content\/uploads\/2025\/01\/idx023cooperativeleguerandais645-350x250.jpg","category":"Actualit\u00e9","_links":{"self":[{"href":"https:\/\/www.guerande-cosmetiques.com\/blog\/wp-json\/wp\/v2\/posts\/1873","targetHints":{"allow":["GET"]}}],"collection":[{"href":"https:\/\/www.guerande-cosmetiques.com\/blog\/wp-json\/wp\/v2\/posts"}],"about":[{"href":"https:\/\/www.guerande-cosmetiques.com\/blog\/wp-json\/wp\/v2\/types\/post"}],"author":[{"embeddable":true,"href":"https:\/\/www.guerande-cosmetiques.com\/blog\/wp-json\/wp\/v2\/users\/1"}],"replies":[{"embeddable":true,"href":"https:\/\/www.guerande-cosmetiques.com\/blog\/wp-json\/wp\/v2\/comments?post=1873"}],"version-history":[{"count":1,"href":"https:\/\/www.guerande-cosmetiques.com\/blog\/wp-json\/wp\/v2\/posts\/1873\/revisions"}],"predecessor-version":[{"id":2683,"href":"https:\/\/www.guerande-cosmetiques.com\/blog\/wp-json\/wp\/v2\/posts\/1873\/revisions\/2683"}],"wp:featuredmedia":[{"embeddable":true,"href":"https:\/\/www.guerande-cosmetiques.com\/blog\/wp-json\/wp\/v2\/media\/1872"}],"wp:attachment":[{"href":"https:\/\/www.guerande-cosmetiques.com\/blog\/wp-json\/wp\/v2\/media?parent=1873"}],"wp:term":[{"taxonomy":"category","embeddable":true,"href":"https:\/\/www.guerande-cosmetiques.com\/blog\/wp-json\/wp\/v2\/categories?post=1873"},{"taxonomy":"post_tag","embeddable":true,"href":"https:\/\/www.guerande-cosmetiques.com\/blog\/wp-json\/wp\/v2\/tags?post=1873"}],"curies":[{"name":"wp","href":"https:\/\/api.w.org\/{rel}","templated":true}]}}