{"id":3098,"date":"2025-10-24T13:59:00","date_gmt":"2025-10-24T11:59:00","guid":{"rendered":"https:\/\/www.guerande-cosmetiques.com\/blog\/?p=3098"},"modified":"2025-11-14T10:11:47","modified_gmt":"2025-11-14T09:11:47","slug":"creme-contour-des-yeux-galenique-2","status":"publish","type":"post","link":"https:\/\/www.guerande-cosmetiques.com\/blog\/creme-contour-des-yeux-galenique-2\/","title":{"rendered":"Cr\u00e8me contour des yeux : le r\u00f4le de la gal\u00e9nique"},"content":{"rendered":"\n<p>Le regard, mer silencieuse o\u00f9 se m\u00ealent la lumi\u00e8re du ciel et les secrets de l\u2019\u00e2me, est le miroir de nos \u00e9motions. C\u2019est aussi l\u2019une des premi\u00e8res zones \u00e0 trahir la fatigue et les signes du temps. \u00a0Fragile et d\u00e9licate, la peau qui entoure les yeux n\u00e9cessite une attention toute particuli\u00e8re. Un soin de qualit\u00e9, et notamment pour une <strong><a href=\"https:\/\/www.guerande-cosmetiques.com\/creme-contour-des-yeux-c63\">cr\u00e8me contour des yeux<\/a><\/strong>, doit combiner efficacit\u00e9 des actifs et gal\u00e9nique adapt\u00e9e. Dans cet article, nous explorons l\u2019importance de la gal\u00e9nique dans un <a href=\"https:\/\/www.guerande-cosmetiques.com\/creme-contour-des-yeux-c63\"><strong>soin contour des yeux<\/strong><\/a>, les diff\u00e9rents formats possibles (gel, cr\u00e8me, s\u00e9rum\u2026), et comment choisir la meilleure option selon vos besoins.<\/p>\n\n\n\n<h2 class=\"wp-block-heading\"><strong>Pourquoi utiliser un soin contour des yeux ?<\/strong><\/h2>\n\n\n\n<p>Le contour des yeux est une zone unique du visage, et \u00e0 bien des \u00e9gards, la plus vuln\u00e9rable. La peau y est jusqu\u2019\u00e0 cinq fois plus fine qu\u2019ailleurs, quasiment d\u00e9pourvue de glandes s\u00e9bac\u00e9es, qui ont pour principale fonction de fabriquer le s\u00e9bum, cette substance huileuse qui va prot\u00e8ger, hydrater et lubrifier la peau. La peau du contour des yeux est donc tr\u00e8s sujette \u00e0 la d\u00e9shydratation. En outre, la micro-circulation y est lente, ce qui peut favoriser l\u2019apparition de cernes (coloration sous les yeux) ou de poches (accumulation d\u2019eau ou de graisses sous la paupi\u00e8re inf\u00e9rieure). Elle est aussi constamment sollicit\u00e9e par les micro-mouvements des muscles oculaires, mais aussi victime de frottements quotidiens (d\u00e9maquillage), ce qui en fait une cible privil\u00e9gi\u00e9e pour l\u2019apparition pr\u00e9coce des rides et ridules.<\/p>\n\n\n\n<p>C\u2019est pourquoi une <strong><a href=\"https:\/\/www.guerande-cosmetiques.com\/creme-contour-des-yeux-c63\">cr\u00e8me contour des yeux<\/a><\/strong> est indispensable dans toute routine de soin bien pens\u00e9e. Contrairement \u00e0 une cr\u00e8me visage classique, un <strong><a href=\"https:\/\/www.guerande-cosmetiques.com\/creme-contour-des-yeux-c63\">soin contour des yeux<\/a><\/strong> est sp\u00e9cifiquement formul\u00e9 pour cette zone : textures plus fines, concentration cibl\u00e9e d\u2019actifs et faible potentiel irritant. Il p\u00e9n\u00e8tre rapidement sans surcharge, respectant la sensibilit\u00e9 naturelle de cette peau d\u00e9licate.<\/p>\n\n\n\n<p>Commencer t\u00f4t un soin d\u00e9di\u00e9 \u00e0 cette zone fragile, d\u00e8s 25 ans, permet de pr\u00e9venir les premiers signes de vieillissement cutan\u00e9 et d\u2019att\u00e9nuer ceux d\u00e9j\u00e0 install\u00e9s. Appliqu\u00e9 avec r\u00e9gularit\u00e9, un <strong>contour des yeux bio <\/strong>peut contribuer \u00e0 pr\u00e9server l\u2019\u00e9clat du regard tout en offrant un moment de douceur au quotidien.<\/p>\n\n\n\n<h2 class=\"wp-block-heading\"><strong>La gal\u00e9nique et l&rsquo;efficacit\u00e9 du soin contour des yeux<\/strong><\/h2>\n\n\n\n<p>En cosm\u00e9tique, le terme \u00ab\u00a0gal\u00e9nique\u00a0\u00bb d\u00e9signe la texture que prend un produit pour d\u00e9livrer ses actifs : cr\u00e8me, gel, baume, lotion, s\u00e9rum\u2026 Cette texture influence non seulement la sensorialit\u00e9 du soin, mais aussi son efficacit\u00e9, sa p\u00e9n\u00e9tration, et sa compatibilit\u00e9 avec la zone trait\u00e9e.<\/p>\n\n\n\n<p>Pour un <strong><a href=\"https:\/\/www.guerande-cosmetiques.com\/creme-contour-des-yeux-c63\">soin contour des yeux<\/a><\/strong>, la gal\u00e9nique n\u2019est pas un simple choix esth\u00e9tique : elle conditionne l\u2019efficacit\u00e9 globale du produit. Un gel frais, par exemple, agit comme un d\u00e9congestionnant instantan\u00e9, id\u00e9al pour les matins fatigu\u00e9s ou les poches marqu\u00e9es. Un <strong>s\u00e9rum contour des yeux<\/strong>, de texture fluide et l\u00e9g\u00e8re, offre une p\u00e9n\u00e9tration rapide et une concentration \u00e9lev\u00e9e en actifs anti-\u00e2ge, souvent utilis\u00e9 en premi\u00e8re couche sous une cr\u00e8me.<\/p>\n\n\n\n<p>La <strong>cr\u00e8me contour des yeux<\/strong>, quant \u00e0 elle, est la forme la plus r\u00e9pandue. Elle allie confort et nutrition, sans alourdir. Elle est id\u00e9ale, selon ses actifs, pour lisser les ridules et hydrater sans effet gras. Les peaux plus matures ou tr\u00e8s s\u00e8ches peuvent se tourner vers des textures baume, plus riches, nourrissantes et enveloppantes.<\/p>\n\n\n\n<p>Choisir la bonne gal\u00e9nique d\u00e9pend donc des besoins de la peau : un effet fra\u00eecheur imm\u00e9diat contre les poches ? Pr\u00e9f\u00e9rez un gel. Un soin anti-rides renforc\u00e9 ? Associez un <strong>s\u00e9rum contour des yeux<\/strong> \u00e0 une cr\u00e8me.<\/p>\n\n\n\n<h2 class=\"wp-block-heading\"><strong>Le contour des yeux bio adapt\u00e9 \u00e0 ses pr\u00e9occupations<\/strong><\/h2>\n\n\n\n<p>Un <strong><a href=\"https:\/\/www.guerande-cosmetiques.com\/creme-contour-des-yeux-c63\">contour des yeux bio<\/a><\/strong> se distingue par sa composition naturelle sp\u00e9cifique, exempte de certaines substances ou pratiques d\u2019extraction des mati\u00e8res premi\u00e8res non autoris\u00e9es au cahier des charges. Il privil\u00e9gie les ingr\u00e9dients v\u00e9g\u00e9taux et marins, d\u2019origine naturelle.<\/p>\n\n\n\n<p>Parmi les actifs les plus efficaces, on retrouve par exemple l\u2019acide hyaluronique, connu pour son pouvoir hydratant et repulpant. Les extraits issus des salines de Gu\u00e9rande, comme les Eaux-m\u00e8res aux bienfaits r\u00e9g\u00e9n\u00e9rants, r\u00e9parateurs et apaisants, ou la Salicorne rouge, anti-oxydante, vont apporter leurs propri\u00e9t\u00e9s \u00e0 l\u2019\u00e9piderme. &nbsp;<\/p>\n\n\n\n<p>Les textures \u00e0 base de cr\u00e8mes l\u00e9g\u00e8res, d\u2019hydrolats ou de gel aqueux peuvent convenir aux poches et aux cernes. Elles rafra\u00eechissent, drainent et d\u00e9gonflent. Pour les pr\u00e9occupations de type rides ou s\u00e9cheresse, on privil\u00e9giera des gal\u00e9niques plus enveloppantes, comme les baumes, les cr\u00e8mes riches ou les s\u00e9rums.<\/p>\n\n\n\n<p>Un<strong> contour des yeux bio<\/strong> de qualit\u00e9 respecte la zone oculaire : sans parfum et souvent conditionn\u00e9 pour une application hygi\u00e9nique et pr\u00e9cise.<\/p>\n\n\n\n<figure class=\"wp-block-image size-full is-resized\"><img loading=\"lazy\" decoding=\"async\" width=\"800\" height=\"520\" src=\"https:\/\/www.guerande-cosmetiques.com\/blog\/wp-content\/uploads\/2025\/10\/Blog-GC-Contour-des-yeux.png\" alt=\"\" class=\"wp-image-3100\" style=\"width:840px;height:auto\" srcset=\"https:\/\/www.guerande-cosmetiques.com\/blog\/wp-content\/uploads\/2025\/10\/Blog-GC-Contour-des-yeux.png 800w, https:\/\/www.guerande-cosmetiques.com\/blog\/wp-content\/uploads\/2025\/10\/Blog-GC-Contour-des-yeux-300x195.png 300w, https:\/\/www.guerande-cosmetiques.com\/blog\/wp-content\/uploads\/2025\/10\/Blog-GC-Contour-des-yeux-768x499.png 768w\" sizes=\"auto, (max-width: 800px) 100vw, 800px\" \/><\/figure>\n\n\n\n<h2 class=\"wp-block-heading\"><strong>Application et int\u00e9gration dans une routine visage bio<\/strong><\/h2>\n\n\n\n<p>La mani\u00e8re dont on applique son <strong><a href=\"https:\/\/www.guerande-cosmetiques.com\/creme-contour-des-yeux-c63\">soin contour des yeux<\/a><\/strong> influence grandement ses r\u00e9sultats. La r\u00e8gle d\u2019or : toujours utiliser l\u2019annulaire, le doigt le moins puissant, pour tapoter d\u00e9licatement la mati\u00e8re du coin interne de l\u2019\u0153il vers l\u2019ext\u00e9rieur. Il est pr\u00e9f\u00e9rable de tapoter que de lisser, afin d\u2019\u00e9viter d\u2019\u00e9tirer la peau fine et fragile de cette zone. Et bien \u00e9videmment, le doigt qui applique le <strong>soin contour des yeux<\/strong> doit \u00eatre parfaitement propre.<\/p>\n\n\n\n<p>Le moment id\u00e9al pour appliquer votre <strong><a href=\"https:\/\/www.guerande-cosmetiques.com\/creme-contour-des-yeux-c63\">cr\u00e8me contour des yeux<\/a><\/strong> est avant le s\u00e9rum visage et avant la cr\u00e8me de jour ou de nuit. En matin\u00e9e, vous pouvez opter pour des textures l\u00e9g\u00e8res, rafra\u00eechissantes et hydratantes. Le soir, un soin plus riche pourra accompagner la r\u00e9paration nocturne de l\u2019\u00e9piderme, pendant que vous vous reposez.<\/p>\n\n\n\n<p>Peut-on cumuler <strong>cr\u00e8me<\/strong> et <strong>s\u00e9rum contour des yeux<\/strong> ? Oui, si les textures sont compatibles : le s\u00e9rum en premi\u00e8re couche fine, suivi d\u2019une cr\u00e8me pour sceller l\u2019hydratation et la nutrition. Cette combinaison renforce l\u2019efficacit\u00e9 anti-\u00e2ge, particuli\u00e8rement en cas de cernes marqu\u00e9s ou de rides install\u00e9es. Mieux vaut pr\u00e9f\u00e9rer des produits d\u2019une m\u00eame marque, car ils ont \u00e9t\u00e9 sp\u00e9cifiquement \u00e9labor\u00e9s pour agir en synergie.<\/p>\n\n\n\n<p>Dans une routine visage bio compl\u00e8te, le <strong><a href=\"https:\/\/www.guerande-cosmetiques.com\/creme-contour-des-yeux-c63\">soin contour des yeux<\/a><\/strong> s\u2019int\u00e8gre apr\u00e8s un d\u00e9maquillage et un nettoyage doux, suivi de l\u2019application \u00e9ventuelle d\u2019une lotion ou d\u2019un hydrolat. Il constitue une \u00e9tape \u00e0 part enti\u00e8re, indispensable, qui m\u00e9rite une attention sp\u00e9cifique dans la gestuelle du soin.<\/p>\n\n\n\n<h2 class=\"wp-block-heading\"><strong>Conclusion : Une gal\u00e9nique sur-mesure pour un regard rayonnant<\/strong><\/h2>\n\n\n\n<p>Le regard est un souffle d\u2019\u00e2me, un \u00e9clat fragile o\u00f9 dansent nos secrets. Il capte la lumi\u00e8re, cueille les silences et refl\u00e8te le murmure du temps. Prendre soin de lui, c\u2019est honorer l\u2019\u00e9motion qui habille nos visages.<\/p>\n\n\n\n<p>Le choix d\u2019un <strong><a href=\"https:\/\/www.guerande-cosmetiques.com\/creme-contour-des-yeux-c63\">soin contour des yeux<\/a><\/strong> ne repose pas seulement sur les actifs qu\u2019il contient, mais \u00e9galement sur la fa\u00e7on dont ils sont d\u00e9livr\u00e9s \u00e0 la peau. C\u2019est l\u00e0 que la gal\u00e9nique prend tout son sens. Une <strong>cr\u00e8me contour des yeux<\/strong> adapt\u00e9e permet de cibler avec pr\u00e9cision les besoins sp\u00e9cifiques de cette zone d\u00e9licate, qu\u2019il s\u2019agisse de cernes, de poches, de rides ou de simple inconfort.<\/p>\n\n\n\n<p>Chez Gu\u00e9rande Cosm\u00e9tiques, notre approche thalassique fait le lien entre science et soin, en puisant dans les ressources uniques des salines de Gu\u00e9rande \u2013 Eaux-m\u00e8res, Salicorne, Algues \u2013 pour offrir des formules naturelles, bio, douces et efficaces. Nos textures sont pens\u00e9es pour \u00e9pouser les besoins de la peau avec justesse, et apporter une r\u00e9ponse sensorielle et efficace \u00e0 chaque regard.<\/p>\n\n\n\n<p>Choisir un <strong>contour des yeux bio<\/strong>, c\u2019est offrir \u00e0 son regard un soin \u00e9labor\u00e9 dans le respect d\u2019un cahier des charges strict, riche en actifs naturels, avec une texture qui allie douceur, efficacit\u00e9 et plaisir. C\u2019est aussi int\u00e9grer un rituel simple mais puissant \u00e0 sa routine, qui fait toute la diff\u00e9rence sur le long terme.<\/p>\n\n\n\n<p><strong>Choisissez maintenant votre <\/strong><a href=\"https:\/\/www.guerande-cosmetiques.com\/creme-contour-des-yeux-c63\"><strong>cr\u00e8me contour des yeux bio<\/strong><\/a><\/p>\n","protected":false},"excerpt":{"rendered":"Le regard, mer silencieuse o\u00f9 se m\u00ealent la lumi\u00e8re du ciel et les secrets de l\u2019\u00e2me, est le miroir de nos \u00e9motions. C\u2019est aussi l\u2019une des premi\u00e8res zones \u00e0 trahir la fatigue et les signes du temps. \u00a0Fragile et d\u00e9licate, la peau qui entoure les yeux n\u00e9cessite une attention toute particuli\u00e8re. Un soin de qualit\u00e9, [&hellip;]","protected":false},"author":3,"featured_media":3100,"comment_status":"closed","ping_status":"closed","sticky":false,"template":"","format":"standard","meta":{"footnotes":""},"categories":[2],"tags":[],"class_list":["post-3098","post","type-post","status-publish","format-standard","has-post-thumbnail","hentry","category-conseil-beaute","col-12","col-md-6 col-lg-4"],"yoast_head":"<!-- This site is optimized with the Yoast SEO plugin v24.3 - https:\/\/yoast.com\/wordpress\/plugins\/seo\/ -->\n<title>Cr\u00e8me contour des yeux : la gal\u00e9nique pour un soin cibl\u00e9<\/title>\n<meta name=\"description\" content=\"Cr\u00e8me, s\u00e9rum ou gel contour des yeux : d\u00e9couvrez comment la gal\u00e9nique influence l\u2019efficacit\u00e9 de votre soin contour des yeux bio selon vos besoins.\" \/>\n<meta name=\"robots\" content=\"index, follow, max-snippet:-1, max-image-preview:large, max-video-preview:-1\" \/>\n<link rel=\"canonical\" href=\"https:\/\/www.guerande-cosmetiques.com\/blog\/creme-contour-des-yeux-galenique-2\/\" \/>\n<meta property=\"og:locale\" content=\"fr_FR\" \/>\n<meta property=\"og:type\" content=\"article\" \/>\n<meta property=\"og:title\" content=\"Cr\u00e8me contour des yeux : la gal\u00e9nique pour un soin cibl\u00e9\" \/>\n<meta property=\"og:description\" content=\"Cr\u00e8me, s\u00e9rum ou gel contour des yeux : d\u00e9couvrez comment la gal\u00e9nique influence l\u2019efficacit\u00e9 de votre soin contour des yeux bio selon vos besoins.\" \/>\n<meta property=\"og:url\" content=\"https:\/\/www.guerande-cosmetiques.com\/blog\/creme-contour-des-yeux-galenique-2\/\" \/>\n<meta property=\"og:site_name\" content=\"Guerande Cosm\u00e9tiques\" \/>\n<meta property=\"article:published_time\" content=\"2025-10-24T11:59:00+00:00\" \/>\n<meta property=\"article:modified_time\" content=\"2025-11-14T09:11:47+00:00\" \/>\n<meta property=\"og:image\" content=\"https:\/\/www.guerande-cosmetiques.com\/blog\/wp-content\/uploads\/2025\/10\/Blog-GC-Contour-des-yeux.png\" \/>\n\t<meta property=\"og:image:width\" content=\"800\" \/>\n\t<meta property=\"og:image:height\" content=\"520\" \/>\n\t<meta property=\"og:image:type\" content=\"image\/png\" \/>\n<meta name=\"author\" content=\"Caroline ANSSELIN\" \/>\n<meta name=\"twitter:card\" content=\"summary_large_image\" \/>\n<meta name=\"twitter:label1\" content=\"\u00c9crit par\" \/>\n\t<meta name=\"twitter:data1\" content=\"Caroline ANSSELIN\" \/>\n\t<meta name=\"twitter:label2\" content=\"Dur\u00e9e de lecture estim\u00e9e\" \/>\n\t<meta name=\"twitter:data2\" content=\"7 minutes\" \/>\n<script type=\"application\/ld+json\" class=\"yoast-schema-graph\">{\"@context\":\"https:\/\/schema.org\",\"@graph\":[{\"@type\":\"WebPage\",\"@id\":\"https:\/\/www.guerande-cosmetiques.com\/blog\/creme-contour-des-yeux-galenique-2\/\",\"url\":\"https:\/\/www.guerande-cosmetiques.com\/blog\/creme-contour-des-yeux-galenique-2\/\",\"name\":\"Cr\u00e8me contour des yeux : la gal\u00e9nique pour un soin cibl\u00e9\",\"isPartOf\":{\"@id\":\"https:\/\/www.guerande-cosmetiques.com\/blog\/#website\"},\"primaryImageOfPage\":{\"@id\":\"https:\/\/www.guerande-cosmetiques.com\/blog\/creme-contour-des-yeux-galenique-2\/#primaryimage\"},\"image\":{\"@id\":\"https:\/\/www.guerande-cosmetiques.com\/blog\/creme-contour-des-yeux-galenique-2\/#primaryimage\"},\"thumbnailUrl\":\"https:\/\/www.guerande-cosmetiques.com\/blog\/wp-content\/uploads\/2025\/10\/Blog-GC-Contour-des-yeux.png\",\"datePublished\":\"2025-10-24T11:59:00+00:00\",\"dateModified\":\"2025-11-14T09:11:47+00:00\",\"author\":{\"@id\":\"https:\/\/www.guerande-cosmetiques.com\/blog\/#\/schema\/person\/88bc6ba5ee2e7bb6a9a5b6fc70b7f1b4\"},\"description\":\"Cr\u00e8me, s\u00e9rum ou gel contour des yeux : d\u00e9couvrez comment la gal\u00e9nique influence l\u2019efficacit\u00e9 de votre soin contour des yeux bio selon vos besoins.\",\"breadcrumb\":{\"@id\":\"https:\/\/www.guerande-cosmetiques.com\/blog\/creme-contour-des-yeux-galenique-2\/#breadcrumb\"},\"inLanguage\":\"fr-FR\",\"potentialAction\":[{\"@type\":\"ReadAction\",\"target\":[\"https:\/\/www.guerande-cosmetiques.com\/blog\/creme-contour-des-yeux-galenique-2\/\"]}]},{\"@type\":\"ImageObject\",\"inLanguage\":\"fr-FR\",\"@id\":\"https:\/\/www.guerande-cosmetiques.com\/blog\/creme-contour-des-yeux-galenique-2\/#primaryimage\",\"url\":\"https:\/\/www.guerande-cosmetiques.com\/blog\/wp-content\/uploads\/2025\/10\/Blog-GC-Contour-des-yeux.png\",\"contentUrl\":\"https:\/\/www.guerande-cosmetiques.com\/blog\/wp-content\/uploads\/2025\/10\/Blog-GC-Contour-des-yeux.png\",\"width\":800,\"height\":520,\"caption\":\"femme-qui-applique-contour-des-yeux\"},{\"@type\":\"BreadcrumbList\",\"@id\":\"https:\/\/www.guerande-cosmetiques.com\/blog\/creme-contour-des-yeux-galenique-2\/#breadcrumb\",\"itemListElement\":[{\"@type\":\"ListItem\",\"position\":1,\"name\":\"Home\",\"item\":\"http:\/\/gue.local\/blog\/\"},{\"@type\":\"ListItem\",\"position\":2,\"name\":\"Cr\u00e8me contour des yeux : le r\u00f4le de la gal\u00e9nique\"}]},{\"@type\":\"WebSite\",\"@id\":\"https:\/\/www.guerande-cosmetiques.com\/blog\/#website\",\"url\":\"https:\/\/www.guerande-cosmetiques.com\/blog\/\",\"name\":\"Guerande Cosm\u00e9tiques\",\"description\":\"\",\"potentialAction\":[{\"@type\":\"SearchAction\",\"target\":{\"@type\":\"EntryPoint\",\"urlTemplate\":\"https:\/\/www.guerande-cosmetiques.com\/blog\/?s={search_term_string}\"},\"query-input\":{\"@type\":\"PropertyValueSpecification\",\"valueRequired\":true,\"valueName\":\"search_term_string\"}}],\"inLanguage\":\"fr-FR\"},{\"@type\":\"Person\",\"@id\":\"https:\/\/www.guerande-cosmetiques.com\/blog\/#\/schema\/person\/88bc6ba5ee2e7bb6a9a5b6fc70b7f1b4\",\"name\":\"Caroline ANSSELIN\"}]}<\/script>\n<!-- \/ Yoast SEO plugin. -->","yoast_head_json":{"title":"Cr\u00e8me contour des yeux : la gal\u00e9nique pour un soin cibl\u00e9","description":"Cr\u00e8me, s\u00e9rum ou gel contour des yeux : d\u00e9couvrez comment la gal\u00e9nique influence l\u2019efficacit\u00e9 de votre soin contour des yeux bio selon vos besoins.","robots":{"index":"index","follow":"follow","max-snippet":"max-snippet:-1","max-image-preview":"max-image-preview:large","max-video-preview":"max-video-preview:-1"},"canonical":"https:\/\/www.guerande-cosmetiques.com\/blog\/creme-contour-des-yeux-galenique-2\/","og_locale":"fr_FR","og_type":"article","og_title":"Cr\u00e8me contour des yeux : la gal\u00e9nique pour un soin cibl\u00e9","og_description":"Cr\u00e8me, s\u00e9rum ou gel contour des yeux : d\u00e9couvrez comment la gal\u00e9nique influence l\u2019efficacit\u00e9 de votre soin contour des yeux bio selon vos besoins.","og_url":"https:\/\/www.guerande-cosmetiques.com\/blog\/creme-contour-des-yeux-galenique-2\/","og_site_name":"Guerande Cosm\u00e9tiques","article_published_time":"2025-10-24T11:59:00+00:00","article_modified_time":"2025-11-14T09:11:47+00:00","og_image":[{"width":800,"height":520,"url":"https:\/\/www.guerande-cosmetiques.com\/blog\/wp-content\/uploads\/2025\/10\/Blog-GC-Contour-des-yeux.png","type":"image\/png"}],"author":"Caroline ANSSELIN","twitter_card":"summary_large_image","twitter_misc":{"\u00c9crit par":"Caroline ANSSELIN","Dur\u00e9e de lecture estim\u00e9e":"7 minutes"},"schema":{"@context":"https:\/\/schema.org","@graph":[{"@type":"WebPage","@id":"https:\/\/www.guerande-cosmetiques.com\/blog\/creme-contour-des-yeux-galenique-2\/","url":"https:\/\/www.guerande-cosmetiques.com\/blog\/creme-contour-des-yeux-galenique-2\/","name":"Cr\u00e8me contour des yeux : la gal\u00e9nique pour un soin cibl\u00e9","isPartOf":{"@id":"https:\/\/www.guerande-cosmetiques.com\/blog\/#website"},"primaryImageOfPage":{"@id":"https:\/\/www.guerande-cosmetiques.com\/blog\/creme-contour-des-yeux-galenique-2\/#primaryimage"},"image":{"@id":"https:\/\/www.guerande-cosmetiques.com\/blog\/creme-contour-des-yeux-galenique-2\/#primaryimage"},"thumbnailUrl":"https:\/\/www.guerande-cosmetiques.com\/blog\/wp-content\/uploads\/2025\/10\/Blog-GC-Contour-des-yeux.png","datePublished":"2025-10-24T11:59:00+00:00","dateModified":"2025-11-14T09:11:47+00:00","author":{"@id":"https:\/\/www.guerande-cosmetiques.com\/blog\/#\/schema\/person\/88bc6ba5ee2e7bb6a9a5b6fc70b7f1b4"},"description":"Cr\u00e8me, s\u00e9rum ou gel contour des yeux : d\u00e9couvrez comment la gal\u00e9nique influence l\u2019efficacit\u00e9 de votre soin contour des yeux bio selon vos besoins.","breadcrumb":{"@id":"https:\/\/www.guerande-cosmetiques.com\/blog\/creme-contour-des-yeux-galenique-2\/#breadcrumb"},"inLanguage":"fr-FR","potentialAction":[{"@type":"ReadAction","target":["https:\/\/www.guerande-cosmetiques.com\/blog\/creme-contour-des-yeux-galenique-2\/"]}]},{"@type":"ImageObject","inLanguage":"fr-FR","@id":"https:\/\/www.guerande-cosmetiques.com\/blog\/creme-contour-des-yeux-galenique-2\/#primaryimage","url":"https:\/\/www.guerande-cosmetiques.com\/blog\/wp-content\/uploads\/2025\/10\/Blog-GC-Contour-des-yeux.png","contentUrl":"https:\/\/www.guerande-cosmetiques.com\/blog\/wp-content\/uploads\/2025\/10\/Blog-GC-Contour-des-yeux.png","width":800,"height":520,"caption":"femme-qui-applique-contour-des-yeux"},{"@type":"BreadcrumbList","@id":"https:\/\/www.guerande-cosmetiques.com\/blog\/creme-contour-des-yeux-galenique-2\/#breadcrumb","itemListElement":[{"@type":"ListItem","position":1,"name":"Home","item":"http:\/\/gue.local\/blog\/"},{"@type":"ListItem","position":2,"name":"Cr\u00e8me contour des yeux : le r\u00f4le de la gal\u00e9nique"}]},{"@type":"WebSite","@id":"https:\/\/www.guerande-cosmetiques.com\/blog\/#website","url":"https:\/\/www.guerande-cosmetiques.com\/blog\/","name":"Guerande Cosm\u00e9tiques","description":"","potentialAction":[{"@type":"SearchAction","target":{"@type":"EntryPoint","urlTemplate":"https:\/\/www.guerande-cosmetiques.com\/blog\/?s={search_term_string}"},"query-input":{"@type":"PropertyValueSpecification","valueRequired":true,"valueName":"search_term_string"}}],"inLanguage":"fr-FR"},{"@type":"Person","@id":"https:\/\/www.guerande-cosmetiques.com\/blog\/#\/schema\/person\/88bc6ba5ee2e7bb6a9a5b6fc70b7f1b4","name":"Caroline ANSSELIN"}]}},"thumb":"https:\/\/www.guerande-cosmetiques.com\/blog\/wp-content\/uploads\/2025\/10\/Blog-GC-Contour-des-yeux-350x250.png","category":"Conseil beaut\u00e9","_links":{"self":[{"href":"https:\/\/www.guerande-cosmetiques.com\/blog\/wp-json\/wp\/v2\/posts\/3098","targetHints":{"allow":["GET"]}}],"collection":[{"href":"https:\/\/www.guerande-cosmetiques.com\/blog\/wp-json\/wp\/v2\/posts"}],"about":[{"href":"https:\/\/www.guerande-cosmetiques.com\/blog\/wp-json\/wp\/v2\/types\/post"}],"author":[{"embeddable":true,"href":"https:\/\/www.guerande-cosmetiques.com\/blog\/wp-json\/wp\/v2\/users\/3"}],"replies":[{"embeddable":true,"href":"https:\/\/www.guerande-cosmetiques.com\/blog\/wp-json\/wp\/v2\/comments?post=3098"}],"version-history":[{"count":2,"href":"https:\/\/www.guerande-cosmetiques.com\/blog\/wp-json\/wp\/v2\/posts\/3098\/revisions"}],"predecessor-version":[{"id":3103,"href":"https:\/\/www.guerande-cosmetiques.com\/blog\/wp-json\/wp\/v2\/posts\/3098\/revisions\/3103"}],"wp:featuredmedia":[{"embeddable":true,"href":"https:\/\/www.guerande-cosmetiques.com\/blog\/wp-json\/wp\/v2\/media\/3100"}],"wp:attachment":[{"href":"https:\/\/www.guerande-cosmetiques.com\/blog\/wp-json\/wp\/v2\/media?parent=3098"}],"wp:term":[{"taxonomy":"category","embeddable":true,"href":"https:\/\/www.guerande-cosmetiques.com\/blog\/wp-json\/wp\/v2\/categories?post=3098"},{"taxonomy":"post_tag","embeddable":true,"href":"https:\/\/www.guerande-cosmetiques.com\/blog\/wp-json\/wp\/v2\/tags?post=3098"}],"curies":[{"name":"wp","href":"https:\/\/api.w.org\/{rel}","templated":true}]}}