{"id":3158,"date":"2025-12-10T16:30:18","date_gmt":"2025-12-10T15:30:18","guid":{"rendered":"https:\/\/www.guerande-cosmetiques.com\/blog\/?p=3158"},"modified":"2026-01-16T14:55:53","modified_gmt":"2026-01-16T13:55:53","slug":"creme-de-nuit-regeneration-cellulaire-nuit","status":"publish","type":"post","link":"https:\/\/www.guerande-cosmetiques.com\/blog\/creme-de-nuit-regeneration-cellulaire-nuit\/","title":{"rendered":"Cr\u00e8me de nuit : pourquoi la r\u00e9g\u00e9n\u00e9ration cellulaire est maximale la nuit ?"},"content":{"rendered":"\n<p class=\"has-text-align-left\">Pendant que le monde s\u2019endort, la peau entre en activit\u00e9. C\u2019est en effet la nuit, \u00e0 l\u2019abri des agressions ext\u00e9rieures, comme la pollution, le soleil, le vent, les diff\u00e9rences de temp\u00e9rature, mais aussi sans maquillage, que notre \u00e9piderme d\u00e9ploie toute sa puissance r\u00e9paratrice. Un moment pr\u00e9cieux qu\u2019une <a href=\"https:\/\/www.guerande-cosmetiques.com\/creme-de-nuit-c65\"><strong>cr\u00e8me de nuit<\/strong>, <strong>cr\u00e8me hydratante nuit<\/strong> ou <strong>cr\u00e8me masque de nuit<\/strong><\/a> savent parfaitement accompagner. Dans cet article, d\u00e9couvrez pourquoi le sommeil est un alli\u00e9 beaut\u00e9 naturel et comment optimiser votre routine nocturne avec des soins cibl\u00e9s et bio.<\/p>\n\n\n\n<figure class=\"wp-block-image size-large\"><img loading=\"lazy\" decoding=\"async\" width=\"1024\" height=\"366\" src=\"https:\/\/www.guerande-cosmetiques.com\/blog\/wp-content\/uploads\/2025\/12\/Femme-qui-dort-1024x366.png\" alt=\"Femme-qui-dort\" class=\"wp-image-3205\" srcset=\"https:\/\/www.guerande-cosmetiques.com\/blog\/wp-content\/uploads\/2025\/12\/Femme-qui-dort-1024x366.png 1024w, https:\/\/www.guerande-cosmetiques.com\/blog\/wp-content\/uploads\/2025\/12\/Femme-qui-dort-300x107.png 300w, https:\/\/www.guerande-cosmetiques.com\/blog\/wp-content\/uploads\/2025\/12\/Femme-qui-dort-768x274.png 768w, https:\/\/www.guerande-cosmetiques.com\/blog\/wp-content\/uploads\/2025\/12\/Femme-qui-dort-1536x549.png 1536w, https:\/\/www.guerande-cosmetiques.com\/blog\/wp-content\/uploads\/2025\/12\/Femme-qui-dort-2048x731.png 2048w\" sizes=\"auto, (max-width: 1024px) 100vw, 1024px\" \/><\/figure>\n\n\n\n<h2 class=\"wp-block-heading\"><strong>Pourquoi la r\u00e9g\u00e9n\u00e9ration cellulaire est optimis\u00e9e en dormant avec une cr\u00e8me de nuit ?<\/strong><\/h2>\n\n\n\n<p class=\"has-text-align-left\">Tout au long de la journ\u00e9e, la peau affronte les UV, la pollution, le stress oxydatif et la d\u00e9shydratation. Elle est en quelque sorte en mode d\u00e9fense. La nuit, elle passe en mode r\u00e9paration. La peau suit en effet un rythme circadien, avec des phases de r\u00e9g\u00e9n\u00e9ration et de r\u00e9paration g\u00e9n\u00e9ralement plus actives la nuit. Les cellules de l\u2019\u00e9piderme profitent du repos global du corps pour acc\u00e9l\u00e9rer leur renouvellement et restaurer l\u2019\u00e9quilibre cutan\u00e9.<\/p>\n\n\n\n<p class=\"has-text-align-left\">Les bienfaits nocturnes \u00e0 conna\u00eetre pour une routine beaut\u00e9 nocturne :<br>\u2192 Le renouvellement cellulaire augmente significativement entre 23h et 4h du matin.<br>\u2192 La microcirculation cutan\u00e9e peut \u00eatre plus fluide la nuit, ce qui favorise l\u2019oxyg\u00e9nation et la nutrition cellulaire.<br>\u2192 La temp\u00e9rature corporelle s\u2019\u00e9l\u00e8ve l\u00e9g\u00e8rement, ouvrant les pores et facilitant l\u2019absorption des actifs.<\/p>\n\n\n\n<p class=\"has-text-align-left\">Une <strong><a href=\"https:\/\/www.guerande-cosmetiques.com\/creme-de-nuit-c65\">cr\u00e8me de nuit<\/a><\/strong> riche en actifs (comme des extraits d\u2019algues ou le R\u00e9tinol-like) agit en synergie avec ce rythme biologique pour hydrater, nourrir et r\u00e9g\u00e9n\u00e9rer la peau en profondeur.<\/p>\n\n\n\n<p class=\"has-text-align-left\">\u00c0 retenir :<\/p>\n\n\n\n<p class=\"has-text-align-left\">Une <strong><a href=\"https:\/\/www.guerande-cosmetiques.com\/creme-de-nuit-c65\">cr\u00e8me hydratante nuit<\/a><\/strong> n\u2019est pas simplement une version plus \u00e9paisse de la cr\u00e8me de jour : elle est formul\u00e9e pour r\u00e9pondre \u00e0 un besoin biologique nocturne pr\u00e9cis. Il est donc recommand\u00e9 de respecter une application de sa cr\u00e8me de nuit tous les soirs avant le coucher.<\/p>\n\n\n\n<h2 class=\"wp-block-heading\"><strong>Comment la cr\u00e8me hydratante de nuit prot\u00e8ge et r\u00e9pare durablement<\/strong><\/h2>\n\n\n\n<p class=\"has-text-align-left\">La sp\u00e9cificit\u00e9 d\u2019une <strong><a href=\"https:\/\/www.guerande-cosmetiques.com\/creme-de-nuit-c65\">cr\u00e8me hydratante nuit<\/a><\/strong> r\u00e9side dans sa formulation : elle est g\u00e9n\u00e9ralement plus riche, plus concentr\u00e9e en actifs r\u00e9parateurs, et elle peut former un v\u00e9ritable cocon sur la peau.<\/p>\n\n\n\n<p class=\"has-text-align-left\">Elle peut aussi agir sur l\u2019\u00e9piderme comme un film biomim\u00e9tique qui va venir renforcer la barri\u00e8re cutan\u00e9e affaiblie dans la journ\u00e9e, tout en lib\u00e9rant lentement les actifs pendant la phase de r\u00e9g\u00e9n\u00e9ration nocturne.<\/p>\n\n\n\n<p class=\"has-text-align-left\"><strong>Quels sont les actifs courants dans une cr\u00e8me de nuit&nbsp;?<\/strong><\/p>\n\n\n\n<figure class=\"wp-block-table\"><table class=\"has-fixed-layout\"><thead><tr><td><strong>Actif<\/strong><\/td><td><strong>Fonction principale<\/strong><\/td><td><strong>Bienfaits sur la peau<\/strong><\/td><\/tr><\/thead><tbody><tr><td>Acide hyaluronique<\/td><td>Hydratation profonde<\/td><td>Peau plus souple et lisse<\/td><\/tr><tr><td>Beurre de karit\u00e9<\/td><td>Nutrition et r\u00e9paration lipidique<\/td><td>Peau souple et douce<\/td><\/tr><tr><td>Vitamine E<\/td><td>Anti-oxydant<\/td><td>Eclat du teint, protection cellulaire<\/td><\/tr><tr><td>Extraits marins et algues<\/td><td>Revitalisation, remin\u00e9ralisation<\/td><td>Peau tonifi\u00e9e et lumineuse<\/td><\/tr><\/tbody><\/table><\/figure>\n\n\n\n<p class=\"has-text-align-left\">Dans une <strong><a href=\"https:\/\/www.guerande-cosmetiques.com\/creme-de-nuit-c65\">cr\u00e8me de nuit bio<\/a><\/strong>, ces ingr\u00e9dients sont d\u2019origine naturelle et parfaitement assimilables par la peau.<\/p>\n\n\n\n<h2 class=\"wp-block-heading\"><strong>Le masque de nuit, l\u2019alli\u00e9 des peaux fatigu\u00e9es<\/strong><\/h2>\n\n\n\n<p class=\"has-text-align-left\">Un <strong><a href=\"https:\/\/www.guerande-cosmetiques.com\/creme-de-nuit-c65\">masque de nuit<\/a>,<\/strong> ou une <strong><a href=\"https:\/\/www.guerande-cosmetiques.com\/creme-de-nuit-c65\">cr\u00e8me masque de nuit<\/a><\/strong>, est une formule qui peut \u00eatre plus dense et plus enveloppante que la cr\u00e8me classique. En fonction de sa composition, il peut agir sur l\u2019hydratation, la r\u00e9g\u00e9n\u00e9ration cellulaire, l\u2019\u00e9clat du teint. Souvent, la <strong><a href=\"https:\/\/www.guerande-cosmetiques.com\/creme-de-nuit-c65\">cr\u00e8me masque de nuit<\/a><\/strong> poss\u00e8de une richesse en actifs sup\u00e9rieure \u00e0 la <strong><a href=\"https:\/\/www.guerande-cosmetiques.com\/creme-de-nuit-c65\">cr\u00e8me hydratante nuit<\/a><\/strong> plus classique.<\/p>\n\n\n\n<p class=\"has-text-align-left\"><strong>Pourquoi adopter une cr\u00e8me masque de nuit dans sa routine ?<\/strong><\/p>\n\n\n\n<p class=\"has-text-align-left\">\u2192 Comme une <strong><a href=\"https:\/\/www.guerande-cosmetiques.com\/creme-de-nuit-c65\">cr\u00e8me de nuit<\/a><\/strong>, le masque de nuit va agir au moment de la r\u00e9paration nocturne des cellules de l\u2019\u00e9piderme.<br>\u2192 Il contribue \u00e0 r\u00e9parer les dommages dus au froid, au stress, \u00e0 la fatigue ou \u00e0 la pollution.<br>\u2192 Il peut relancer l\u2019activit\u00e9 cellulaire gr\u00e2ce \u00e0 une forte concentration en actifs nourrissants.<br>\u2192 Appliqu\u00e9 1 \u00e0 2 fois par semaine, il peut s\u2019int\u00e9grer parfaitement dans une routine beaut\u00e9 nocturne, avec des r\u00e9sultats souvent visibles au r\u00e9veil&nbsp;: peau rebondie, lisse et \u00e9clatante.<\/p>\n\n\n\n<p class=\"has-text-align-left\"><strong>\u00c0 quel \u00e2ge commencer une cr\u00e8me de nuit ?<\/strong><\/p>\n\n\n\n<p class=\"has-text-align-left\">D\u00e8s que la peau a besoin d\u2019hydratation, de r\u00e9paration, de nutrition. Il s\u2019agit-l\u00e0 d\u2019une perception de chaque personne en fonction de son type et son \u00e9tat de peau. G\u00e9n\u00e9ralement d\u00e8s 25 ans, la production de collag\u00e8ne et d\u2019\u00e9lastine commencent \u00e0 ralentir. Une <strong><a href=\"https:\/\/www.guerande-cosmetiques.com\/creme-de-nuit-c65\">cr\u00e8me hydratante nuit<\/a><\/strong> peut alors aider \u00e0 pr\u00e9venir les premiers signes de l\u2019\u00e2ge. A noter que pour accompagner cette pr\u00e9vention, une bonne hygi\u00e8ne de vie, comme bien se nettoyer la peau matin et soir, avoir une alimentation \u00e9quilibr\u00e9e, mais aussi \u00e9viter l\u2019exposition de la peau aux UV et le tabagisme, sont \u00e9galement des gestes essentiels pour pr\u00e9server la beaut\u00e9 de la peau.<\/p>\n\n\n\n<h2 class=\"wp-block-heading\"><strong>Peut-on utiliser une cr\u00e8me de jour la nuit ?<\/strong><\/h2>\n\n\n\n<div class=\"wp-block-columns is-layout-flex wp-container-core-columns-is-layout-9d6595d7 wp-block-columns-is-layout-flex\">\n<div class=\"wp-block-column is-layout-flow wp-block-column-is-layout-flow\" style=\"flex-basis:13%\">\n<figure class=\"wp-block-image size-full\"><img loading=\"lazy\" decoding=\"async\" width=\"200\" height=\"200\" src=\"https:\/\/www.guerande-cosmetiques.com\/blog\/wp-content\/uploads\/2025\/12\/Visage-femme-sourire.png\" alt=\"Visage-femme-sourire\" class=\"wp-image-3204\" srcset=\"https:\/\/www.guerande-cosmetiques.com\/blog\/wp-content\/uploads\/2025\/12\/Visage-femme-sourire.png 200w, https:\/\/www.guerande-cosmetiques.com\/blog\/wp-content\/uploads\/2025\/12\/Visage-femme-sourire-150x150.png 150w\" sizes=\"auto, (max-width: 200px) 100vw, 200px\" \/><\/figure>\n<\/div>\n\n\n\n<div class=\"wp-block-column is-layout-flow wp-block-column-is-layout-flow\" style=\"flex-basis:108.2%\">\n<p class=\"has-text-align-left\">G\u00e9n\u00e9ralement, il n\u2019est pas contre-indiqu\u00e9 d\u2019appliquer une cr\u00e8me de jour le soir au coucher. Cependant, certaines cr\u00e8mes de jour vont incorporer des ingr\u00e9dients pr\u00e9sentant un potentiel int\u00e9r\u00eat uniquement en journ\u00e9e, comme les filtres solaires. Or les protections solaires sont inutiles la nuit et l\u2019utilisation de ce type de cr\u00e8me au coucher peut donc engendrer une application sur l\u2019\u00e9piderme de ces filtres, parfois controvers\u00e9s comme l\u2019octocryl\u00e8ne, accus\u00e9 de lib\u00e9rer du benzoph\u00e9none, un perturbateur endocrinien.<\/p>\n\n\n\n<p class=\"has-text-align-left\">En formulation cosm\u00e9tique, sauf cas contraire mentionn\u00e9 sur l\u2019emballage du produit (\u00ab&nbsp;cr\u00e8me jour-nuit&nbsp;\u00bb par exemple), une cr\u00e8me de jour va souvent \u00eatre pens\u00e9e pour prot\u00e9ger&nbsp;la peau la journ\u00e9e, tandis qu\u2019une <strong>cr\u00e8me de nuit<\/strong> va \u00eatre plut\u00f4t con\u00e7ue pour r\u00e9parer, hydrater et nourrir en profondeur.<\/p>\n<\/div>\n<\/div>\n\n\n\n<h2 class=\"wp-block-heading\"><strong>Comment bien appliquer sa cr\u00e8me de nuit&nbsp;?<\/strong><\/h2>\n\n\n\n<p class=\"has-text-align-left\">L\u2019efficacit\u00e9 d\u2019une <strong><a href=\"https:\/\/www.guerande-cosmetiques.com\/creme-de-nuit-c65\">cr\u00e8me de nuit<\/a><\/strong> repose aussi sur son mode d\u2019application. Les conseils d\u2019application \u00e0 respecter se trouvent g\u00e9n\u00e9ralement sur l\u2019emballage du produit. Pour une <a href=\"https:\/\/www.guerande-cosmetiques.com\/visage-c13\">routine beaut\u00e9 du soir<\/a>, voici les \u00e9tapes \u00e0 suivre&nbsp;:<\/p>\n\n\n\n<p class=\"has-text-align-left\">1- D\u00e9maquiller et nettoyer le visage avec un soin doux pour retirer maquillage et impuret\u00e9s<br>2- Appliquer un contour des yeux si besoin<br>3- Appliquer un s\u00e9rum si besoin<br>4- Appliquer la cr\u00e8me hydratante nuit&nbsp;: chauffer rapidement une noisette de cr\u00e8me dans les mains, puis masser du centre du visage vers l\u2019ext\u00e9rieur.<\/p>\n\n\n\n<p class=\"has-text-align-left\">En compl\u00e9ment, un massage facial doux peut stimuler la circulation et d\u00e9cupler les effets des soins.<\/p>\n\n\n\n<h2 class=\"wp-block-heading\"><strong>Comment choisir une cr\u00e8me de nuit adapt\u00e9e \u00e0 sa peau ?<\/strong><\/h2>\n\n\n\n<p class=\"has-text-align-left\">Choisir une <strong><a href=\"https:\/\/www.guerande-cosmetiques.com\/creme-de-nuit-c65\">cr\u00e8me hydratante nuit<\/a> <\/strong>doit se faire selon votre type et \u00e9tat de peau. Vous pouvez r\u00e9aliser un diagnostic de peau aupr\u00e8s d\u2019une esth\u00e9ticienne professionnelle ou bien sur notre site. Toutes les peaux n\u2019ont pas les m\u00eames besoins, aussi il est indispensable de bien conna\u00eetre ces derniers avant de se procurer une <strong><a href=\"https:\/\/www.guerande-cosmetiques.com\/creme-de-nuit-c65\">cr\u00e8me de nuit<\/a><\/strong>.<\/p>\n\n\n\n<p class=\"has-text-align-left\">La texture et les actifs ne seront pas les m\u00eames selon que l\u2019on recherche de l\u2019onctuosit\u00e9, du r\u00e9confort ou bien un effet davantage purifiant.<\/p>\n\n\n\n<p class=\"has-text-align-left\"><strong>Les textures recommand\u00e9es selon le type de peau :<\/strong><\/p>\n\n\n\n<figure class=\"wp-block-table\"><table class=\"has-fixed-layout\"><thead><tr><td><strong>Type de peau<\/strong><\/td><td><strong>Texture recommand\u00e9e<\/strong><\/td><\/tr><\/thead><tbody><tr><td>Peau s\u00e8che<\/td><td>Riche, onctueuse<\/td><\/tr><tr><td>Peau mixte<\/td><td>L\u00e9g\u00e8re, non grasse<\/td><\/tr><tr><td>Peau sensible<\/td><td>Apaisante, sans parfum<\/td><\/tr><tr><td>Peau mature<\/td><td>Onctueuse, riche en actifs anti-\u00e2ge<\/td><\/tr><\/tbody><\/table><\/figure>\n\n\n\n<h2 class=\"wp-block-heading\"><strong>Cr\u00e8me de nuit Gu\u00e9rande Cosm\u00e9tiques<\/strong><\/h2>\n\n\n\n<p class=\"has-text-align-left\">Chez Gu\u00e9rande Cosm\u00e9tiques, nous avons d\u00e9velopp\u00e9 deux cr\u00e8mes sp\u00e9cifiquement pour une application le soir au coucher&nbsp;: le <a href=\"https:\/\/www.guerande-cosmetiques.com\/masque-creme-de-nuit-2-en-1-p86\">Masque cr\u00e8me de nuit 2 en 1<\/a> hydratant et r\u00e9g\u00e9n\u00e9rant, ainsi que le <a href=\"https:\/\/www.guerande-cosmetiques.com\/baume-expert-nuit-p154\">Baume Expert nuit<\/a>, anti-\u00e2ge et r\u00e9g\u00e9n\u00e9rant.<\/p>\n\n\n\n<div class=\"wp-block-columns are-vertically-aligned-center is-layout-flex wp-container-core-columns-is-layout-9d6595d7 wp-block-columns-is-layout-flex\">\n<div class=\"wp-block-column is-vertically-aligned-center is-layout-flow wp-block-column-is-layout-flow\" style=\"flex-basis:13%\">\n<figure class=\"wp-block-image size-full\"><img loading=\"lazy\" decoding=\"async\" width=\"1000\" height=\"1000\" src=\"https:\/\/www.guerande-cosmetiques.com\/blog\/wp-content\/uploads\/2025\/12\/masque-creme-nuit-mur-rose.png\" alt=\"masque-creme-nuit\" class=\"wp-image-3177\" srcset=\"https:\/\/www.guerande-cosmetiques.com\/blog\/wp-content\/uploads\/2025\/12\/masque-creme-nuit-mur-rose.png 1000w, https:\/\/www.guerande-cosmetiques.com\/blog\/wp-content\/uploads\/2025\/12\/masque-creme-nuit-mur-rose-300x300.png 300w, https:\/\/www.guerande-cosmetiques.com\/blog\/wp-content\/uploads\/2025\/12\/masque-creme-nuit-mur-rose-150x150.png 150w, https:\/\/www.guerande-cosmetiques.com\/blog\/wp-content\/uploads\/2025\/12\/masque-creme-nuit-mur-rose-768x768.png 768w\" sizes=\"auto, (max-width: 1000px) 100vw, 1000px\" \/><\/figure>\n<\/div>\n\n\n\n<div class=\"wp-block-column is-vertically-aligned-center is-layout-flow wp-block-column-is-layout-flow\" style=\"flex-basis:77%\">\n<p class=\"has-text-align-left\">Le <a href=\"https:\/\/www.guerande-cosmetiques.com\/masque-creme-de-nuit-2-en-1-p86\">Masque cr\u00e8me de nuit<\/a> est, comme son nom l\u2019indique, une <strong><a href=\"https:\/\/www.guerande-cosmetiques.com\/masque-creme-de-nuit-2-en-1-p86\">cr\u00e8me masque de nuit<\/a><\/strong> qui peut s\u2019appliquer tous les soirs comme cr\u00e8me de nuit et une \u00e0 deux fois par semaine comme masque de nuit sans rin\u00e7age. Sa formule incorpore les <a href=\"https:\/\/www.guerande-cosmetiques.com\/notre-philosophie-s6\">Eaux-m\u00e8res, la Macro-algue Enteromorpha et la Salicorne verte de Gu\u00e9rande.<\/a> Ce soin permet de r\u00e9g\u00e9n\u00e9rer et prot\u00e9ger la peau de la d\u00e9shydratation, laissant le teint plus lumineux au r\u00e9veil.<\/p>\n<\/div>\n<\/div>\n\n\n\n<div class=\"wp-block-columns are-vertically-aligned-center is-layout-flex wp-container-core-columns-is-layout-9d6595d7 wp-block-columns-is-layout-flex\">\n<div class=\"wp-block-column is-vertically-aligned-center is-layout-flow wp-block-column-is-layout-flow\" style=\"flex-basis:13%\">\n<figure class=\"wp-block-image size-full\"><img loading=\"lazy\" decoding=\"async\" width=\"1000\" height=\"1000\" src=\"https:\/\/www.guerande-cosmetiques.com\/blog\/wp-content\/uploads\/2025\/12\/baume-expert-nuit-rose.png\" alt=\"baume-expert-nuit\" class=\"wp-image-3176\" srcset=\"https:\/\/www.guerande-cosmetiques.com\/blog\/wp-content\/uploads\/2025\/12\/baume-expert-nuit-rose.png 1000w, https:\/\/www.guerande-cosmetiques.com\/blog\/wp-content\/uploads\/2025\/12\/baume-expert-nuit-rose-300x300.png 300w, https:\/\/www.guerande-cosmetiques.com\/blog\/wp-content\/uploads\/2025\/12\/baume-expert-nuit-rose-150x150.png 150w, https:\/\/www.guerande-cosmetiques.com\/blog\/wp-content\/uploads\/2025\/12\/baume-expert-nuit-rose-768x768.png 768w\" sizes=\"auto, (max-width: 1000px) 100vw, 1000px\" \/><\/figure>\n<\/div>\n\n\n\n<div class=\"wp-block-column is-vertically-aligned-center is-layout-flow wp-block-column-is-layout-flow\" style=\"flex-basis:77%\">\n<p class=\"has-text-align-left\">Le <a href=\"https:\/\/www.guerande-cosmetiques.com\/baume-expert-nuit-p154\">Baume Expert nuit<\/a> est une <strong><a href=\"https:\/\/www.guerande-cosmetiques.com\/baume-expert-nuit-p154\">cr\u00e8me de nuit<\/a><\/strong> qui se pr\u00e9sente sous une texture onctueuse qui fond sur la peau. Sa formule int\u00e8gre un complexe anti-\u00e2ge brevet\u00e9 issu des Eaux-m\u00e8res et de Criste marine, ainsi que du R\u00e9tinol-like, un extrait marin et de la Vitamine C. Cette <strong><a href=\"https:\/\/www.guerande-cosmetiques.com\/creme-de-nuit-c65\">cr\u00e8me de nuit<\/a><\/strong> r\u00e9g\u00e9n\u00e8re, hydrate, nourrie et repulpe la peau.<\/p>\n<\/div>\n<\/div>\n\n\n\n<p class=\"has-text-align-left\">Les soins Gu\u00e9rande Cosm\u00e9tiques sont&nbsp;:<\/p>\n\n\n\n<p class=\"has-text-align-left\">\u2192 Certifi\u00e9s bio selon le r\u00e9f\u00e9rentiel COSMOS ORGANIC.<br>\u2192 Compos\u00e9s \u00e0 plus de <strong><a href=\"https:\/\/www.guerande-cosmetiques.com\/nos-engagements-et-valeurs-s8\">99 % d\u2019ingr\u00e9dients d\u2019origine naturelle<\/a><\/strong>.<br>\u2192 Fabriqu\u00e9s en France dans notre laboratoire, respectueux de la biodiversit\u00e9 et utilisant 100% d\u2019\u00e9nergies renouvelables<br>\u2192 Sans huiles min\u00e9rales, silicones ou parfums synth\u00e9tiques.<\/p>\n\n\n\n<h2 class=\"wp-block-heading\"><strong>Conclusion : Une cr\u00e8me de nuit, un soin r\u00e9g\u00e9n\u00e9rant<\/strong><\/h2>\n\n\n\n<p class=\"has-text-align-left\">Appliquer une <strong><a href=\"https:\/\/www.guerande-cosmetiques.com\/creme-de-nuit-c65\">cr\u00e8me de nuit<\/a><\/strong>, c\u2019est accompagner la peau dans son rythme naturel, la soutenir dans une phase active de renouvellement, et lui offrir ce qu\u2019elle m\u00e9rite le plus : le calme, la r\u00e9g\u00e9n\u00e9ration et la beaut\u00e9.<\/p>\n\n\n\n<p class=\"has-text-align-left\">Le choix d\u2019une <strong><a href=\"https:\/\/www.guerande-cosmetiques.com\/masque-creme-de-nuit-2-en-1-p86\">cr\u00e8me masque de nuit<\/a><\/strong> ou d\u2019une <strong><a href=\"https:\/\/www.guerande-cosmetiques.com\/baume-expert-nuit-p154\">cr\u00e8me hydratante nuit<\/a><\/strong> adapt\u00e9e \u00e0 votre peau et enrichie en actifs d\u2019origine naturelle et bio est un engagement en faveur d\u2019une cosm\u00e9tique respectueuse de l\u2019environnement.<\/p>\n\n\n\n<p class=\"has-text-align-left\">Chaque nuit devient alors un moment pour se reconnecter \u00e0 soi, \u00e0 son corps, et \u00e0 une beaut\u00e9 plus naturelle, \u00e9clair\u00e9e de l\u2019int\u00e9rieur.<\/p>\n\n\n\n<script type=\"application\/ld+json\">\n{\n  \"@context\": \"https:\/\/schema.org\",\n  \"@type\": \"FAQPage\",\n  \"mainEntity\": [\n    {\n      \"@type\": \"Question\",\n      \"name\": \"Pourquoi la peau se r\u00e9g\u00e9n\u00e8re-t-elle davantage la nuit ?\",\n      \"acceptedAnswer\": {\n        \"@type\": \"Answer\",\n        \"text\": \" Parce que la peau est moins sujette aux agressions ext\u00e9rieures (UV, pollution\u2026) et elle suit un cycle circadien, avec des phases de r\u00e9g\u00e9n\u00e9ration davantage actives la nuit, avec une circulation sanguine qui peut \u00eatre facilit\u00e9e, favorisant l\u2019oxyg\u00e9nation et la nutrition cellulaire.\"\n      }\n    },\n    {\n      \"@type\": \"Question\",\n      \"name\": \"Quelle est la diff\u00e9rence entre une cr\u00e8me de jour et une cr\u00e8me de nuit ?\",\n      \"acceptedAnswer\": {\n        \"@type\": \"Answer\",\n        \"text\": \"La cr\u00e8me de jour prot\u00e8ge, tandis que la cr\u00e8me de nuit nourrit et r\u00e9g\u00e9n\u00e8re en profondeur, sans contrainte d\u2019exposition.\"\n      }\n    },\n    {\n      \"@type\": \"Question\",\n      \"name\": \"\u00c0 quelle fr\u00e9quence utiliser une cr\u00e8me masque de nuit ?\",\n      \"acceptedAnswer\": {\n        \"@type\": \"Answer\",\n        \"text\": \" Une \u00e0 deux fois par semaine en application masque selon votre type de peau pour booster la r\u00e9paration nocturne.\"\n      }\n    },\n    {\n      \"@type\": \"Question\",\n      \"name\": \"Les cr\u00e8mes de nuit bio sont-elles plus efficaces ?\",\n      \"acceptedAnswer\": {\n        \"@type\": \"Answer\",\n        \"text\": \" Elles incorporent des actifs naturels certifi\u00e9s Agriculture biologique et sont exempts d\u2019actifs issus de la p\u00e9trochimie comme les silicones, les parab\u00e8nes et les huiles min\u00e9rales.\"\n      }\n    }\n  ]\n}\n<\/script>\n","protected":false},"excerpt":{"rendered":"Pendant que le monde s\u2019endort, la peau entre en activit\u00e9. C\u2019est en effet la nuit, \u00e0 l\u2019abri des agressions ext\u00e9rieures, comme la pollution, le soleil, le vent, les diff\u00e9rences de temp\u00e9rature, mais aussi sans maquillage, que notre \u00e9piderme d\u00e9ploie toute sa puissance r\u00e9paratrice. Un moment pr\u00e9cieux qu\u2019une cr\u00e8me de nuit, cr\u00e8me hydratante nuit ou cr\u00e8me [&hellip;]","protected":false},"author":3,"featured_media":3205,"comment_status":"closed","ping_status":"closed","sticky":false,"template":"","format":"standard","meta":{"footnotes":""},"categories":[2],"tags":[],"class_list":["post-3158","post","type-post","status-publish","format-standard","has-post-thumbnail","hentry","category-conseil-beaute","col-12","col-md-6 col-lg-4"],"yoast_head":"<!-- This site is optimized with the Yoast SEO plugin v24.3 - https:\/\/yoast.com\/wordpress\/plugins\/seo\/ -->\n<title>Cr\u00e8me de nuit : pourquoi la r\u00e9g\u00e9n\u00e9ration cellulaire est maximale la nuit<\/title>\n<meta name=\"description\" content=\"D\u00e9couvrez comment votre cr\u00e8me hydratante nuit favorise la r\u00e9g\u00e9n\u00e9ration cellulaire pendant le sommeil et pourquoi une cr\u00e8me masque de nuit booste la r\u00e9paration.\" \/>\n<meta name=\"robots\" content=\"index, follow, max-snippet:-1, max-image-preview:large, max-video-preview:-1\" \/>\n<link rel=\"canonical\" href=\"https:\/\/www.guerande-cosmetiques.com\/blog\/creme-de-nuit-regeneration-cellulaire-nuit\/\" \/>\n<meta property=\"og:locale\" content=\"fr_FR\" \/>\n<meta property=\"og:type\" content=\"article\" \/>\n<meta property=\"og:title\" content=\"Cr\u00e8me de nuit : pourquoi la r\u00e9g\u00e9n\u00e9ration cellulaire est maximale la nuit\" \/>\n<meta property=\"og:description\" content=\"D\u00e9couvrez comment votre cr\u00e8me hydratante nuit favorise la r\u00e9g\u00e9n\u00e9ration cellulaire pendant le sommeil et pourquoi une cr\u00e8me masque de nuit booste la r\u00e9paration.\" \/>\n<meta property=\"og:url\" content=\"https:\/\/www.guerande-cosmetiques.com\/blog\/creme-de-nuit-regeneration-cellulaire-nuit\/\" \/>\n<meta property=\"og:site_name\" content=\"Guerande Cosm\u00e9tiques\" \/>\n<meta property=\"article:published_time\" content=\"2025-12-10T15:30:18+00:00\" \/>\n<meta property=\"article:modified_time\" content=\"2026-01-16T13:55:53+00:00\" \/>\n<meta property=\"og:image\" content=\"https:\/\/www.guerande-cosmetiques.com\/blog\/wp-content\/uploads\/2025\/12\/Femme-qui-dort.png\" \/>\n\t<meta property=\"og:image:width\" content=\"2240\" \/>\n\t<meta property=\"og:image:height\" content=\"800\" \/>\n\t<meta property=\"og:image:type\" content=\"image\/png\" \/>\n<meta name=\"author\" content=\"Caroline ANSSELIN\" \/>\n<meta name=\"twitter:card\" content=\"summary_large_image\" \/>\n<meta name=\"twitter:label1\" content=\"\u00c9crit par\" \/>\n\t<meta name=\"twitter:data1\" content=\"Caroline ANSSELIN\" \/>\n\t<meta name=\"twitter:label2\" content=\"Dur\u00e9e de lecture estim\u00e9e\" \/>\n\t<meta name=\"twitter:data2\" content=\"9 minutes\" \/>\n<script type=\"application\/ld+json\" class=\"yoast-schema-graph\">{\"@context\":\"https:\/\/schema.org\",\"@graph\":[{\"@type\":\"WebPage\",\"@id\":\"https:\/\/www.guerande-cosmetiques.com\/blog\/creme-de-nuit-regeneration-cellulaire-nuit\/\",\"url\":\"https:\/\/www.guerande-cosmetiques.com\/blog\/creme-de-nuit-regeneration-cellulaire-nuit\/\",\"name\":\"Cr\u00e8me de nuit : pourquoi la r\u00e9g\u00e9n\u00e9ration cellulaire est maximale la nuit\",\"isPartOf\":{\"@id\":\"https:\/\/www.guerande-cosmetiques.com\/blog\/#website\"},\"primaryImageOfPage\":{\"@id\":\"https:\/\/www.guerande-cosmetiques.com\/blog\/creme-de-nuit-regeneration-cellulaire-nuit\/#primaryimage\"},\"image\":{\"@id\":\"https:\/\/www.guerande-cosmetiques.com\/blog\/creme-de-nuit-regeneration-cellulaire-nuit\/#primaryimage\"},\"thumbnailUrl\":\"https:\/\/www.guerande-cosmetiques.com\/blog\/wp-content\/uploads\/2025\/12\/Femme-qui-dort.png\",\"datePublished\":\"2025-12-10T15:30:18+00:00\",\"dateModified\":\"2026-01-16T13:55:53+00:00\",\"author\":{\"@id\":\"https:\/\/www.guerande-cosmetiques.com\/blog\/#\/schema\/person\/88bc6ba5ee2e7bb6a9a5b6fc70b7f1b4\"},\"description\":\"D\u00e9couvrez comment votre cr\u00e8me hydratante nuit favorise la r\u00e9g\u00e9n\u00e9ration cellulaire pendant le sommeil et pourquoi une cr\u00e8me masque de nuit booste la r\u00e9paration.\",\"breadcrumb\":{\"@id\":\"https:\/\/www.guerande-cosmetiques.com\/blog\/creme-de-nuit-regeneration-cellulaire-nuit\/#breadcrumb\"},\"inLanguage\":\"fr-FR\",\"potentialAction\":[{\"@type\":\"ReadAction\",\"target\":[\"https:\/\/www.guerande-cosmetiques.com\/blog\/creme-de-nuit-regeneration-cellulaire-nuit\/\"]}]},{\"@type\":\"ImageObject\",\"inLanguage\":\"fr-FR\",\"@id\":\"https:\/\/www.guerande-cosmetiques.com\/blog\/creme-de-nuit-regeneration-cellulaire-nuit\/#primaryimage\",\"url\":\"https:\/\/www.guerande-cosmetiques.com\/blog\/wp-content\/uploads\/2025\/12\/Femme-qui-dort.png\",\"contentUrl\":\"https:\/\/www.guerande-cosmetiques.com\/blog\/wp-content\/uploads\/2025\/12\/Femme-qui-dort.png\",\"width\":2240,\"height\":800,\"caption\":\"Femme-qui-dort\"},{\"@type\":\"BreadcrumbList\",\"@id\":\"https:\/\/www.guerande-cosmetiques.com\/blog\/creme-de-nuit-regeneration-cellulaire-nuit\/#breadcrumb\",\"itemListElement\":[{\"@type\":\"ListItem\",\"position\":1,\"name\":\"Home\",\"item\":\"http:\/\/gue.local\/blog\/\"},{\"@type\":\"ListItem\",\"position\":2,\"name\":\"Cr\u00e8me de nuit : pourquoi la r\u00e9g\u00e9n\u00e9ration cellulaire est maximale la nuit ?\"}]},{\"@type\":\"WebSite\",\"@id\":\"https:\/\/www.guerande-cosmetiques.com\/blog\/#website\",\"url\":\"https:\/\/www.guerande-cosmetiques.com\/blog\/\",\"name\":\"Guerande Cosm\u00e9tiques\",\"description\":\"\",\"potentialAction\":[{\"@type\":\"SearchAction\",\"target\":{\"@type\":\"EntryPoint\",\"urlTemplate\":\"https:\/\/www.guerande-cosmetiques.com\/blog\/?s={search_term_string}\"},\"query-input\":{\"@type\":\"PropertyValueSpecification\",\"valueRequired\":true,\"valueName\":\"search_term_string\"}}],\"inLanguage\":\"fr-FR\"},{\"@type\":\"Person\",\"@id\":\"https:\/\/www.guerande-cosmetiques.com\/blog\/#\/schema\/person\/88bc6ba5ee2e7bb6a9a5b6fc70b7f1b4\",\"name\":\"Caroline ANSSELIN\"}]}<\/script>\n<!-- \/ Yoast SEO plugin. -->","yoast_head_json":{"title":"Cr\u00e8me de nuit : pourquoi la r\u00e9g\u00e9n\u00e9ration cellulaire est maximale la nuit","description":"D\u00e9couvrez comment votre cr\u00e8me hydratante nuit favorise la r\u00e9g\u00e9n\u00e9ration cellulaire pendant le sommeil et pourquoi une cr\u00e8me masque de nuit booste la r\u00e9paration.","robots":{"index":"index","follow":"follow","max-snippet":"max-snippet:-1","max-image-preview":"max-image-preview:large","max-video-preview":"max-video-preview:-1"},"canonical":"https:\/\/www.guerande-cosmetiques.com\/blog\/creme-de-nuit-regeneration-cellulaire-nuit\/","og_locale":"fr_FR","og_type":"article","og_title":"Cr\u00e8me de nuit : pourquoi la r\u00e9g\u00e9n\u00e9ration cellulaire est maximale la nuit","og_description":"D\u00e9couvrez comment votre cr\u00e8me hydratante nuit favorise la r\u00e9g\u00e9n\u00e9ration cellulaire pendant le sommeil et pourquoi une cr\u00e8me masque de nuit booste la r\u00e9paration.","og_url":"https:\/\/www.guerande-cosmetiques.com\/blog\/creme-de-nuit-regeneration-cellulaire-nuit\/","og_site_name":"Guerande Cosm\u00e9tiques","article_published_time":"2025-12-10T15:30:18+00:00","article_modified_time":"2026-01-16T13:55:53+00:00","og_image":[{"width":2240,"height":800,"url":"https:\/\/www.guerande-cosmetiques.com\/blog\/wp-content\/uploads\/2025\/12\/Femme-qui-dort.png","type":"image\/png"}],"author":"Caroline ANSSELIN","twitter_card":"summary_large_image","twitter_misc":{"\u00c9crit par":"Caroline ANSSELIN","Dur\u00e9e de lecture estim\u00e9e":"9 minutes"},"schema":{"@context":"https:\/\/schema.org","@graph":[{"@type":"WebPage","@id":"https:\/\/www.guerande-cosmetiques.com\/blog\/creme-de-nuit-regeneration-cellulaire-nuit\/","url":"https:\/\/www.guerande-cosmetiques.com\/blog\/creme-de-nuit-regeneration-cellulaire-nuit\/","name":"Cr\u00e8me de nuit : pourquoi la r\u00e9g\u00e9n\u00e9ration cellulaire est maximale la nuit","isPartOf":{"@id":"https:\/\/www.guerande-cosmetiques.com\/blog\/#website"},"primaryImageOfPage":{"@id":"https:\/\/www.guerande-cosmetiques.com\/blog\/creme-de-nuit-regeneration-cellulaire-nuit\/#primaryimage"},"image":{"@id":"https:\/\/www.guerande-cosmetiques.com\/blog\/creme-de-nuit-regeneration-cellulaire-nuit\/#primaryimage"},"thumbnailUrl":"https:\/\/www.guerande-cosmetiques.com\/blog\/wp-content\/uploads\/2025\/12\/Femme-qui-dort.png","datePublished":"2025-12-10T15:30:18+00:00","dateModified":"2026-01-16T13:55:53+00:00","author":{"@id":"https:\/\/www.guerande-cosmetiques.com\/blog\/#\/schema\/person\/88bc6ba5ee2e7bb6a9a5b6fc70b7f1b4"},"description":"D\u00e9couvrez comment votre cr\u00e8me hydratante nuit favorise la r\u00e9g\u00e9n\u00e9ration cellulaire pendant le sommeil et pourquoi une cr\u00e8me masque de nuit booste la r\u00e9paration.","breadcrumb":{"@id":"https:\/\/www.guerande-cosmetiques.com\/blog\/creme-de-nuit-regeneration-cellulaire-nuit\/#breadcrumb"},"inLanguage":"fr-FR","potentialAction":[{"@type":"ReadAction","target":["https:\/\/www.guerande-cosmetiques.com\/blog\/creme-de-nuit-regeneration-cellulaire-nuit\/"]}]},{"@type":"ImageObject","inLanguage":"fr-FR","@id":"https:\/\/www.guerande-cosmetiques.com\/blog\/creme-de-nuit-regeneration-cellulaire-nuit\/#primaryimage","url":"https:\/\/www.guerande-cosmetiques.com\/blog\/wp-content\/uploads\/2025\/12\/Femme-qui-dort.png","contentUrl":"https:\/\/www.guerande-cosmetiques.com\/blog\/wp-content\/uploads\/2025\/12\/Femme-qui-dort.png","width":2240,"height":800,"caption":"Femme-qui-dort"},{"@type":"BreadcrumbList","@id":"https:\/\/www.guerande-cosmetiques.com\/blog\/creme-de-nuit-regeneration-cellulaire-nuit\/#breadcrumb","itemListElement":[{"@type":"ListItem","position":1,"name":"Home","item":"http:\/\/gue.local\/blog\/"},{"@type":"ListItem","position":2,"name":"Cr\u00e8me de nuit : pourquoi la r\u00e9g\u00e9n\u00e9ration cellulaire est maximale la nuit ?"}]},{"@type":"WebSite","@id":"https:\/\/www.guerande-cosmetiques.com\/blog\/#website","url":"https:\/\/www.guerande-cosmetiques.com\/blog\/","name":"Guerande Cosm\u00e9tiques","description":"","potentialAction":[{"@type":"SearchAction","target":{"@type":"EntryPoint","urlTemplate":"https:\/\/www.guerande-cosmetiques.com\/blog\/?s={search_term_string}"},"query-input":{"@type":"PropertyValueSpecification","valueRequired":true,"valueName":"search_term_string"}}],"inLanguage":"fr-FR"},{"@type":"Person","@id":"https:\/\/www.guerande-cosmetiques.com\/blog\/#\/schema\/person\/88bc6ba5ee2e7bb6a9a5b6fc70b7f1b4","name":"Caroline ANSSELIN"}]}},"thumb":"https:\/\/www.guerande-cosmetiques.com\/blog\/wp-content\/uploads\/2025\/12\/Femme-qui-dort-350x250.png","category":"Conseil beaut\u00e9","_links":{"self":[{"href":"https:\/\/www.guerande-cosmetiques.com\/blog\/wp-json\/wp\/v2\/posts\/3158","targetHints":{"allow":["GET"]}}],"collection":[{"href":"https:\/\/www.guerande-cosmetiques.com\/blog\/wp-json\/wp\/v2\/posts"}],"about":[{"href":"https:\/\/www.guerande-cosmetiques.com\/blog\/wp-json\/wp\/v2\/types\/post"}],"author":[{"embeddable":true,"href":"https:\/\/www.guerande-cosmetiques.com\/blog\/wp-json\/wp\/v2\/users\/3"}],"replies":[{"embeddable":true,"href":"https:\/\/www.guerande-cosmetiques.com\/blog\/wp-json\/wp\/v2\/comments?post=3158"}],"version-history":[{"count":58,"href":"https:\/\/www.guerande-cosmetiques.com\/blog\/wp-json\/wp\/v2\/posts\/3158\/revisions"}],"predecessor-version":[{"id":3493,"href":"https:\/\/www.guerande-cosmetiques.com\/blog\/wp-json\/wp\/v2\/posts\/3158\/revisions\/3493"}],"wp:featuredmedia":[{"embeddable":true,"href":"https:\/\/www.guerande-cosmetiques.com\/blog\/wp-json\/wp\/v2\/media\/3205"}],"wp:attachment":[{"href":"https:\/\/www.guerande-cosmetiques.com\/blog\/wp-json\/wp\/v2\/media?parent=3158"}],"wp:term":[{"taxonomy":"category","embeddable":true,"href":"https:\/\/www.guerande-cosmetiques.com\/blog\/wp-json\/wp\/v2\/categories?post=3158"},{"taxonomy":"post_tag","embeddable":true,"href":"https:\/\/www.guerande-cosmetiques.com\/blog\/wp-json\/wp\/v2\/tags?post=3158"}],"curies":[{"name":"wp","href":"https:\/\/api.w.org\/{rel}","templated":true}]}}